{"id":2035,"date":"2019-10-25T20:17:55","date_gmt":"2019-10-25T20:17:55","guid":{"rendered":"https:\/\/nestorlima.com\/israelnow\/?p=2035"},"modified":"2020-05-29T10:18:16","modified_gmt":"2020-05-29T15:18:16","slug":"jose-arturo-castellanos-el-coronel-que-ingreso-40-mil-judios-a-el-salvador","status":"publish","type":"post","link":"https:\/\/nestorlima.com\/israelnow\/jose-arturo-castellanos-el-coronel-que-ingreso-40-mil-judios-a-el-salvador","title":{"rendered":"Jos\u00e9 Arturo Castellanos &#8211; el coronel que ingres\u00f3 40 mil jud\u00edos a El Salvador"},"content":{"rendered":"\n<p>El Coronel Salvadore\u00f1o, Jos\u00e9 Arturo Castellanos, ingres\u00f3 cerca de 40 mil personas Jud\u00edas que eran perseguidos por el gobierno de Hitler en los a\u00f1os 1939 y 1945, durante la Segunda Guerra Mundial.<\/p>\n\n\n\n<p>Seg\u00fan documentos hist\u00f3ricos, el militar permiti\u00f3 el ingreso a los jud\u00edos obsequi\u00e1ndoles pasaporte y nacionalidades falsas que los acreditaban como ciudadanos Salvadore\u00f1os.<\/p>\n\n\n\n<p>Durante la persecuci\u00f3n Nazi durante el gobierno de Hitler, el Coronel Castellanos en conjunto con el Empresario Judeo-H\u00fangaro, George Mandel-Mantello consiguieron que miles de ciudadanos de Bulgaria, Checoslovaquia, Hungr\u00eda, Polonia y Rumania fueran protegidos por la Cruz Roja Internacional.<\/p>\n\n\n\n<p>En el 2010, el Museo del Holocausto Yad Vashem de Jerusal\u00e9n otorg\u00f3 el reconocimiento &#8216;Justo entre las Naciones&#8217; al coronel salvadore\u00f1o Jos\u00e9 Arturo Castellanos Contreras por ayudar a salvar decenas de miles de jud\u00edos durante la Segunda Guerra Mundial.<\/p>\n\n\n\n<p>________________________________<\/p>\n\n\n\n<p>Fuente: <a href=\"https:\/\/elclarinero.com\/el-coronel-que-ingreso-40-mil-judios-a-el-salvador\/\" target=\"_blank\" rel=\"noreferrer noopener\">El Clarinero<\/a>, <a href=\"https:\/\/actualidad.rt.com\/actualidad\/view\/11653-Reconocimiento-a-Jos%C3%A9-Arturo-Castellanos%2C-salvadore%C3%B1o-y-salvador-de-jud%C3%ADos\" target=\"_blank\" rel=\"noreferrer noopener\">Actualidad<\/a><\/p>\n","protected":false},"excerpt":{"rendered":"<p>El Coronel Salvadore\u00f1o, Jos\u00e9 Arturo Castellanos, ingres\u00f3 cerca de 40 mil personas Jud\u00edas que eran perseguidos por el gobierno de Hitler en los a\u00f1os 1939 y 1945, durante la Segunda Guerra Mundial.<\/p>\n","protected":false},"author":2,"featured_media":15812,"comment_status":"open","ping_status":"open","sticky":false,"template":"","format":"standard","meta":{"_mi_skip_tracking":false,"_monsterinsights_skip_tracking":false,"_monsterinsights_sitenote_active":false,"_monsterinsights_sitenote_note":"","_monsterinsights_sitenote_category":0,"ngg_post_thumbnail":0},"categories":[70],"tags":[],"_links":{"self":[{"href":"https:\/\/nestorlima.com\/israelnow\/wp-json\/wp\/v2\/posts\/2035"}],"collection":[{"href":"https:\/\/nestorlima.com\/israelnow\/wp-json\/wp\/v2\/posts"}],"about":[{"href":"https:\/\/nestorlima.com\/israelnow\/wp-json\/wp\/v2\/types\/post"}],"author":[{"embeddable":true,"href":"https:\/\/nestorlima.com\/israelnow\/wp-json\/wp\/v2\/users\/2"}],"replies":[{"embeddable":true,"href":"https:\/\/nestorlima.com\/israelnow\/wp-json\/wp\/v2\/comments?post=2035"}],"version-history":[{"count":1,"href":"https:\/\/nestorlima.com\/israelnow\/wp-json\/wp\/v2\/posts\/2035\/revisions"}],"predecessor-version":[{"id":15813,"href":"https:\/\/nestorlima.com\/israelnow\/wp-json\/wp\/v2\/posts\/2035\/revisions\/15813"}],"wp:featuredmedia":[{"embeddable":true,"href":"https:\/\/nestorlima.com\/israelnow\/wp-json\/wp\/v2\/media\/15812"}],"wp:attachment":[{"href":"https:\/\/nestorlima.com\/israelnow\/wp-json\/wp\/v2\/media?parent=2035"}],"wp:term":[{"taxonomy":"category","embeddable":true,"href":"https:\/\/nestorlima.com\/israelnow\/wp-json\/wp\/v2\/categories?post=2035"},{"taxonomy":"post_tag","embeddable":true,"href":"https:\/\/nestorlima.com\/israelnow\/wp-json\/wp\/v2\/tags?post=2035"}],"curies":[{"name":"wp","href":"https:\/\/api.w.org\/{rel}","templated":true}]}}